{"id":733,"date":"2016-10-02T17:37:52","date_gmt":"2016-10-02T16:37:52","guid":{"rendered":"http:\/\/www.sivom-bethunois.xyz\/?p=733"},"modified":"2026-04-08T16:00:30","modified_gmt":"2026-04-08T14:00:30","slug":"lozinghem","status":"publish","type":"post","link":"https:\/\/www.sivom-bethunois.fr\/index.php\/2016\/10\/02\/lozinghem\/","title":{"rendered":"Lozinghem"},"content":{"rendered":"\t\t<div data-elementor-type=\"wp-post\" data-elementor-id=\"733\" class=\"elementor elementor-733\">\n\t\t\t\t\t\t<section class=\"elementor-section elementor-top-section elementor-element elementor-element-24e363be elementor-section-boxed elementor-section-height-default elementor-section-height-default\" data-id=\"24e363be\" data-element_type=\"section\" data-e-type=\"section\">\n\t\t\t\t\t\t<div class=\"elementor-container elementor-column-gap-default\">\n\t\t\t\t\t<div class=\"elementor-column elementor-col-100 elementor-top-column elementor-element elementor-element-30ec7480\" data-id=\"30ec7480\" data-element_type=\"column\" data-e-type=\"column\">\n\t\t\t<div class=\"elementor-widget-wrap elementor-element-populated\">\n\t\t\t\t\t\t<div class=\"elementor-element elementor-element-2aad7918 elementor-widget elementor-widget-shortcode\" data-id=\"2aad7918\" data-element_type=\"widget\" data-e-type=\"widget\" data-widget_type=\"shortcode.default\">\n\t\t\t\t<div class=\"elementor-widget-container\">\n\t\t\t\t\t\t\t<div class=\"elementor-shortcode\"><div id=\"cs-content\" class=\"cs-content\"><\/div><\/div>\n\t\t\t\t\t\t<\/div>\n\t\t\t\t<\/div>\n\t\t\t\t\t<\/div>\n\t\t<\/div>\n\t\t\t\t\t<\/div>\n\t\t<\/section>\n\t\t\t\t<\/div>\n\t\t","protected":false},"excerpt":{"rendered":"<p>Mairie14, rue Joseph Carlier62540 LOZINGHEM03.21.27.05.5003.21.27.98.61Maire : Perrine BIALONP\u00f4le Solidarit\u00e9 &#8211; Sant\u00e9EHPAD R\u00e9sidences Autonomie Aides \u00e0 domicile Soins \u00e0 domicile Garde \u00e0 domicile Petits travaux de d\u00e9pannage jardinage \u00e0 domicile Accompagnement des personnes \u00e2g\u00e9es \u00e0 l&rsquo;ext\u00e9rieur CSAPA La Chrysalide Cr\u00e9matoriumP\u00f4le Restauration CollectiveRestauration collective Restauration \u00e0 domicileP\u00f4le Enfance &#8211; JeunesseCentres de loisirs Relais Petite EnfanceP\u00f4le Services TechniquesEntretien de la voirie Nettoyage de &#8230; <a href=\"https:\/\/www.sivom-bethunois.fr\/index.php\/2016\/10\/02\/lozinghem\/\" class=\"more-link\">Read More<\/a><\/p>\n","protected":false},"author":35,"featured_media":0,"comment_status":"closed","ping_status":"open","sticky":false,"template":"","format":"standard","meta":{"_monsterinsights_skip_tracking":false,"_monsterinsights_sitenote_active":false,"_monsterinsights_sitenote_note":"","_monsterinsights_sitenote_category":0,"footnotes":""},"categories":[1],"tags":[],"class_list":["post-733","post","type-post","status-publish","format-standard","hentry","category-non-classe","no-post-thumbnail"],"yoast_head":"<!-- This site is optimized with the Yoast SEO plugin v27.5 - https:\/\/yoast.com\/product\/yoast-seo-wordpress\/ -->\n<title>Lozinghem, commune adh\u00e9rante au SIVOM du B\u00e9thunois<\/title>\n<meta name=\"description\" content=\"Lozinghem adh\u00e8re au SIVOM du B\u00e9thunois pour am\u00e9liorer le cadre de vie des habitants, qui b\u00e9n\u00e9ficient de nombreux services \u00e0 la personne.\" \/>\n<meta name=\"robots\" content=\"index, follow, max-snippet:-1, max-image-preview:large, max-video-preview:-1\" \/>\n<link rel=\"canonical\" href=\"https:\/\/www.sivom-bethunois.fr\/index.php\/2016\/10\/02\/lozinghem\/\" \/>\n<meta property=\"og:locale\" content=\"fr_FR\" \/>\n<meta property=\"og:type\" content=\"article\" \/>\n<meta property=\"og:title\" content=\"Lozinghem, commune adh\u00e9rante au SIVOM du B\u00e9thunois\" \/>\n<meta property=\"og:description\" content=\"Lozinghem adh\u00e8re au SIVOM du B\u00e9thunois pour am\u00e9liorer le cadre de vie des habitants, qui b\u00e9n\u00e9ficient de nombreux services \u00e0 la personne.\" \/>\n<meta property=\"og:url\" content=\"https:\/\/www.sivom-bethunois.fr\/index.php\/2016\/10\/02\/lozinghem\/\" \/>\n<meta property=\"og:site_name\" content=\"SIVOM de la Communaut\u00e9 du B\u00e9thunois\" \/>\n<meta property=\"article:publisher\" content=\"https:\/\/www.facebook.com\/sivom.bethunois\" \/>\n<meta property=\"article:published_time\" content=\"2016-10-02T16:37:52+00:00\" \/>\n<meta property=\"article:modified_time\" content=\"2026-04-08T14:00:30+00:00\" \/>\n<meta name=\"author\" content=\"Communication\" \/>\n<meta name=\"twitter:card\" content=\"summary_large_image\" \/>\n<meta name=\"twitter:label1\" content=\"\u00c9crit par\" \/>\n\t<meta name=\"twitter:data1\" content=\"Communication\" \/>\n<script type=\"application\/ld+json\" class=\"yoast-schema-graph\">{\"@context\":\"https:\\\/\\\/schema.org\",\"@graph\":[{\"@type\":\"Article\",\"@id\":\"https:\\\/\\\/www.sivom-bethunois.fr\\\/index.php\\\/2016\\\/10\\\/02\\\/lozinghem\\\/#article\",\"isPartOf\":{\"@id\":\"https:\\\/\\\/www.sivom-bethunois.fr\\\/index.php\\\/2016\\\/10\\\/02\\\/lozinghem\\\/\"},\"author\":{\"name\":\"Communication\",\"@id\":\"https:\\\/\\\/www.sivom-bethunois.fr\\\/#\\\/schema\\\/person\\\/18aa91b1c24b3637fa4ea4a36817d42b\"},\"headline\":\"Lozinghem\",\"datePublished\":\"2016-10-02T16:37:52+00:00\",\"dateModified\":\"2026-04-08T14:00:30+00:00\",\"mainEntityOfPage\":{\"@id\":\"https:\\\/\\\/www.sivom-bethunois.fr\\\/index.php\\\/2016\\\/10\\\/02\\\/lozinghem\\\/\"},\"wordCount\":564,\"publisher\":{\"@id\":\"https:\\\/\\\/www.sivom-bethunois.fr\\\/#organization\"},\"inLanguage\":\"fr-FR\"},{\"@type\":\"WebPage\",\"@id\":\"https:\\\/\\\/www.sivom-bethunois.fr\\\/index.php\\\/2016\\\/10\\\/02\\\/lozinghem\\\/\",\"url\":\"https:\\\/\\\/www.sivom-bethunois.fr\\\/index.php\\\/2016\\\/10\\\/02\\\/lozinghem\\\/\",\"name\":\"Lozinghem, commune adh\u00e9rante au SIVOM du B\u00e9thunois\",\"isPartOf\":{\"@id\":\"https:\\\/\\\/www.sivom-bethunois.fr\\\/#website\"},\"datePublished\":\"2016-10-02T16:37:52+00:00\",\"dateModified\":\"2026-04-08T14:00:30+00:00\",\"description\":\"Lozinghem adh\u00e8re au SIVOM du B\u00e9thunois pour am\u00e9liorer le cadre de vie des habitants, qui b\u00e9n\u00e9ficient de nombreux services \u00e0 la personne.\",\"breadcrumb\":{\"@id\":\"https:\\\/\\\/www.sivom-bethunois.fr\\\/index.php\\\/2016\\\/10\\\/02\\\/lozinghem\\\/#breadcrumb\"},\"inLanguage\":\"fr-FR\",\"potentialAction\":[{\"@type\":\"ReadAction\",\"target\":[\"https:\\\/\\\/www.sivom-bethunois.fr\\\/index.php\\\/2016\\\/10\\\/02\\\/lozinghem\\\/\"]}]},{\"@type\":\"BreadcrumbList\",\"@id\":\"https:\\\/\\\/www.sivom-bethunois.fr\\\/index.php\\\/2016\\\/10\\\/02\\\/lozinghem\\\/#breadcrumb\",\"itemListElement\":[{\"@type\":\"ListItem\",\"position\":1,\"name\":\"Accueil\",\"item\":\"https:\\\/\\\/www.sivom-bethunois.fr\\\/\"},{\"@type\":\"ListItem\",\"position\":2,\"name\":\"Lozinghem\"}]},{\"@type\":\"WebSite\",\"@id\":\"https:\\\/\\\/www.sivom-bethunois.fr\\\/#website\",\"url\":\"https:\\\/\\\/www.sivom-bethunois.fr\\\/\",\"name\":\"SIVOM de la Communaut\u00e9 du B\u00e9thunois\",\"description\":\"Acteur de votre quotidien\",\"publisher\":{\"@id\":\"https:\\\/\\\/www.sivom-bethunois.fr\\\/#organization\"},\"potentialAction\":[{\"@type\":\"SearchAction\",\"target\":{\"@type\":\"EntryPoint\",\"urlTemplate\":\"https:\\\/\\\/www.sivom-bethunois.fr\\\/?s={search_term_string}\"},\"query-input\":{\"@type\":\"PropertyValueSpecification\",\"valueRequired\":true,\"valueName\":\"search_term_string\"}}],\"inLanguage\":\"fr-FR\"},{\"@type\":\"Organization\",\"@id\":\"https:\\\/\\\/www.sivom-bethunois.fr\\\/#organization\",\"name\":\"SIVOM de la Communaut\u00e9 du B\u00e9thunois\",\"url\":\"https:\\\/\\\/www.sivom-bethunois.fr\\\/\",\"logo\":{\"@type\":\"ImageObject\",\"inLanguage\":\"fr-FR\",\"@id\":\"https:\\\/\\\/www.sivom-bethunois.fr\\\/#\\\/schema\\\/logo\\\/image\\\/\",\"url\":\"https:\\\/\\\/www.sivom-bethunois.fr\\\/wp-content\\\/uploads\\\/2024\\\/07\\\/cropped-Logo-DG-site.png\",\"contentUrl\":\"https:\\\/\\\/www.sivom-bethunois.fr\\\/wp-content\\\/uploads\\\/2024\\\/07\\\/cropped-Logo-DG-site.png\",\"width\":512,\"height\":512,\"caption\":\"SIVOM de la Communaut\u00e9 du B\u00e9thunois\"},\"image\":{\"@id\":\"https:\\\/\\\/www.sivom-bethunois.fr\\\/#\\\/schema\\\/logo\\\/image\\\/\"},\"sameAs\":[\"https:\\\/\\\/www.facebook.com\\\/sivom.bethunois\"]},{\"@type\":\"Person\",\"@id\":\"https:\\\/\\\/www.sivom-bethunois.fr\\\/#\\\/schema\\\/person\\\/18aa91b1c24b3637fa4ea4a36817d42b\",\"name\":\"Communication\",\"image\":{\"@type\":\"ImageObject\",\"inLanguage\":\"fr-FR\",\"@id\":\"https:\\\/\\\/secure.gravatar.com\\\/avatar\\\/bef6ae94ad6fa1413bff8044417581d06538619b6f944eb2095a42ab647d0f8f?s=96&d=mm&r=g\",\"url\":\"https:\\\/\\\/secure.gravatar.com\\\/avatar\\\/bef6ae94ad6fa1413bff8044417581d06538619b6f944eb2095a42ab647d0f8f?s=96&d=mm&r=g\",\"contentUrl\":\"https:\\\/\\\/secure.gravatar.com\\\/avatar\\\/bef6ae94ad6fa1413bff8044417581d06538619b6f944eb2095a42ab647d0f8f?s=96&d=mm&r=g\",\"caption\":\"Communication\"},\"url\":\"https:\\\/\\\/www.sivom-bethunois.fr\\\/index.php\\\/author\\\/communication\\\/\"}]}<\/script>\n<!-- \/ Yoast SEO plugin. -->","yoast_head_json":{"title":"Lozinghem, commune adh\u00e9rante au SIVOM du B\u00e9thunois","description":"Lozinghem adh\u00e8re au SIVOM du B\u00e9thunois pour am\u00e9liorer le cadre de vie des habitants, qui b\u00e9n\u00e9ficient de nombreux services \u00e0 la personne.","robots":{"index":"index","follow":"follow","max-snippet":"max-snippet:-1","max-image-preview":"max-image-preview:large","max-video-preview":"max-video-preview:-1"},"canonical":"https:\/\/www.sivom-bethunois.fr\/index.php\/2016\/10\/02\/lozinghem\/","og_locale":"fr_FR","og_type":"article","og_title":"Lozinghem, commune adh\u00e9rante au SIVOM du B\u00e9thunois","og_description":"Lozinghem adh\u00e8re au SIVOM du B\u00e9thunois pour am\u00e9liorer le cadre de vie des habitants, qui b\u00e9n\u00e9ficient de nombreux services \u00e0 la personne.","og_url":"https:\/\/www.sivom-bethunois.fr\/index.php\/2016\/10\/02\/lozinghem\/","og_site_name":"SIVOM de la Communaut\u00e9 du B\u00e9thunois","article_publisher":"https:\/\/www.facebook.com\/sivom.bethunois","article_published_time":"2016-10-02T16:37:52+00:00","article_modified_time":"2026-04-08T14:00:30+00:00","author":"Communication","twitter_card":"summary_large_image","twitter_misc":{"\u00c9crit par":"Communication"},"schema":{"@context":"https:\/\/schema.org","@graph":[{"@type":"Article","@id":"https:\/\/www.sivom-bethunois.fr\/index.php\/2016\/10\/02\/lozinghem\/#article","isPartOf":{"@id":"https:\/\/www.sivom-bethunois.fr\/index.php\/2016\/10\/02\/lozinghem\/"},"author":{"name":"Communication","@id":"https:\/\/www.sivom-bethunois.fr\/#\/schema\/person\/18aa91b1c24b3637fa4ea4a36817d42b"},"headline":"Lozinghem","datePublished":"2016-10-02T16:37:52+00:00","dateModified":"2026-04-08T14:00:30+00:00","mainEntityOfPage":{"@id":"https:\/\/www.sivom-bethunois.fr\/index.php\/2016\/10\/02\/lozinghem\/"},"wordCount":564,"publisher":{"@id":"https:\/\/www.sivom-bethunois.fr\/#organization"},"inLanguage":"fr-FR"},{"@type":"WebPage","@id":"https:\/\/www.sivom-bethunois.fr\/index.php\/2016\/10\/02\/lozinghem\/","url":"https:\/\/www.sivom-bethunois.fr\/index.php\/2016\/10\/02\/lozinghem\/","name":"Lozinghem, commune adh\u00e9rante au SIVOM du B\u00e9thunois","isPartOf":{"@id":"https:\/\/www.sivom-bethunois.fr\/#website"},"datePublished":"2016-10-02T16:37:52+00:00","dateModified":"2026-04-08T14:00:30+00:00","description":"Lozinghem adh\u00e8re au SIVOM du B\u00e9thunois pour am\u00e9liorer le cadre de vie des habitants, qui b\u00e9n\u00e9ficient de nombreux services \u00e0 la personne.","breadcrumb":{"@id":"https:\/\/www.sivom-bethunois.fr\/index.php\/2016\/10\/02\/lozinghem\/#breadcrumb"},"inLanguage":"fr-FR","potentialAction":[{"@type":"ReadAction","target":["https:\/\/www.sivom-bethunois.fr\/index.php\/2016\/10\/02\/lozinghem\/"]}]},{"@type":"BreadcrumbList","@id":"https:\/\/www.sivom-bethunois.fr\/index.php\/2016\/10\/02\/lozinghem\/#breadcrumb","itemListElement":[{"@type":"ListItem","position":1,"name":"Accueil","item":"https:\/\/www.sivom-bethunois.fr\/"},{"@type":"ListItem","position":2,"name":"Lozinghem"}]},{"@type":"WebSite","@id":"https:\/\/www.sivom-bethunois.fr\/#website","url":"https:\/\/www.sivom-bethunois.fr\/","name":"SIVOM de la Communaut\u00e9 du B\u00e9thunois","description":"Acteur de votre quotidien","publisher":{"@id":"https:\/\/www.sivom-bethunois.fr\/#organization"},"potentialAction":[{"@type":"SearchAction","target":{"@type":"EntryPoint","urlTemplate":"https:\/\/www.sivom-bethunois.fr\/?s={search_term_string}"},"query-input":{"@type":"PropertyValueSpecification","valueRequired":true,"valueName":"search_term_string"}}],"inLanguage":"fr-FR"},{"@type":"Organization","@id":"https:\/\/www.sivom-bethunois.fr\/#organization","name":"SIVOM de la Communaut\u00e9 du B\u00e9thunois","url":"https:\/\/www.sivom-bethunois.fr\/","logo":{"@type":"ImageObject","inLanguage":"fr-FR","@id":"https:\/\/www.sivom-bethunois.fr\/#\/schema\/logo\/image\/","url":"https:\/\/www.sivom-bethunois.fr\/wp-content\/uploads\/2024\/07\/cropped-Logo-DG-site.png","contentUrl":"https:\/\/www.sivom-bethunois.fr\/wp-content\/uploads\/2024\/07\/cropped-Logo-DG-site.png","width":512,"height":512,"caption":"SIVOM de la Communaut\u00e9 du B\u00e9thunois"},"image":{"@id":"https:\/\/www.sivom-bethunois.fr\/#\/schema\/logo\/image\/"},"sameAs":["https:\/\/www.facebook.com\/sivom.bethunois"]},{"@type":"Person","@id":"https:\/\/www.sivom-bethunois.fr\/#\/schema\/person\/18aa91b1c24b3637fa4ea4a36817d42b","name":"Communication","image":{"@type":"ImageObject","inLanguage":"fr-FR","@id":"https:\/\/secure.gravatar.com\/avatar\/bef6ae94ad6fa1413bff8044417581d06538619b6f944eb2095a42ab647d0f8f?s=96&d=mm&r=g","url":"https:\/\/secure.gravatar.com\/avatar\/bef6ae94ad6fa1413bff8044417581d06538619b6f944eb2095a42ab647d0f8f?s=96&d=mm&r=g","contentUrl":"https:\/\/secure.gravatar.com\/avatar\/bef6ae94ad6fa1413bff8044417581d06538619b6f944eb2095a42ab647d0f8f?s=96&d=mm&r=g","caption":"Communication"},"url":"https:\/\/www.sivom-bethunois.fr\/index.php\/author\/communication\/"}]}},"_links":{"self":[{"href":"https:\/\/www.sivom-bethunois.fr\/index.php\/wp-json\/wp\/v2\/posts\/733","targetHints":{"allow":["GET"]}}],"collection":[{"href":"https:\/\/www.sivom-bethunois.fr\/index.php\/wp-json\/wp\/v2\/posts"}],"about":[{"href":"https:\/\/www.sivom-bethunois.fr\/index.php\/wp-json\/wp\/v2\/types\/post"}],"author":[{"embeddable":true,"href":"https:\/\/www.sivom-bethunois.fr\/index.php\/wp-json\/wp\/v2\/users\/35"}],"replies":[{"embeddable":true,"href":"https:\/\/www.sivom-bethunois.fr\/index.php\/wp-json\/wp\/v2\/comments?post=733"}],"version-history":[{"count":26,"href":"https:\/\/www.sivom-bethunois.fr\/index.php\/wp-json\/wp\/v2\/posts\/733\/revisions"}],"predecessor-version":[{"id":15960,"href":"https:\/\/www.sivom-bethunois.fr\/index.php\/wp-json\/wp\/v2\/posts\/733\/revisions\/15960"}],"wp:attachment":[{"href":"https:\/\/www.sivom-bethunois.fr\/index.php\/wp-json\/wp\/v2\/media?parent=733"}],"wp:term":[{"taxonomy":"category","embeddable":true,"href":"https:\/\/www.sivom-bethunois.fr\/index.php\/wp-json\/wp\/v2\/categories?post=733"},{"taxonomy":"post_tag","embeddable":true,"href":"https:\/\/www.sivom-bethunois.fr\/index.php\/wp-json\/wp\/v2\/tags?post=733"}],"curies":[{"name":"wp","href":"https:\/\/api.w.org\/{rel}","templated":true}]}}