{"id":705,"date":"2016-10-01T23:21:44","date_gmt":"2016-10-01T22:21:44","guid":{"rendered":"http:\/\/www.sivom-bethunois.xyz\/?p=705"},"modified":"2026-04-08T16:06:11","modified_gmt":"2026-04-08T14:06:11","slug":"gonnehem","status":"publish","type":"post","link":"https:\/\/www.sivom-bethunois.fr\/index.php\/2016\/10\/01\/gonnehem\/","title":{"rendered":"Gonnehem"},"content":{"rendered":"<div id=\"cs-content\" class=\"cs-content\"><div id=\"x-section-1\" class=\"x-section\" style=\"margin: 0px;padding: 45px 0px; background-color: transparent;\" ><div id=\"\" class=\"x-container marginless-columns\" style=\"margin: 0px auto;padding: 0px;\" ><div  class=\"x-column x-sm x-1-1\" style=\"padding: 0px;\" ><span class=\"x-image e705-e4 mjl-0\"><img fetchpriority=\"high\" decoding=\"async\" src=\"https:\/\/www.sivom-bethunois.fr\/wp-content\/uploads\/2026\/01\/Gonnehem.png\" width=\"897\" height=\"867\" alt=\"Image\"><\/span><\/div><\/div><\/div><div id=\"x-section-2\" class=\"x-section\" style=\"margin: 0px;padding: 0px; background-color: transparent;\" ><div id=\"\" class=\"x-container\" style=\"margin: 0px auto;padding: 0px;\" ><div  class=\"x-column x-sm x-1-2\" style=\"padding: 0px;\" ><div  class=\"x-feature-box center-text top-text cf\" style=\"color: hsl(199, 65%, 68%); max-width: none;\" data-x-element=\"feature_box\" data-x-params=\"{&quot;child&quot;:false,&quot;graphicAnimation&quot;:&quot;none&quot;,&quot;graphicAnimationOffset&quot;:&quot;50&quot;,&quot;graphicAnimationDelay&quot;:&quot;0&quot;}\"><div class=\"x-feature-box-graphic circle \"><div class=\"x-feature-box-graphic-outer circle\" style=\"\"><div class=\"x-feature-box-graphic-inner circle\" style=\"font-size: 60px;\"><i class=\"x-icon-info-circle circle\" data-x-icon-s=\"&#xf05a;\"  style=\"margin: 0 auto; color: #ffffff; background-color: hsl(199, 65%, 68%);\"><\/i><\/div><\/div><\/div><div class=\"x-feature-box-content \"><h4 class=\"x-feature-box-title\" style=\"color: hsl(199, 65%, 68%);\"><\/h4><p class=\"x-feature-box-text\" style=\"color: hsl(199, 65%, 68%);\"><\/p><\/div><\/div><ul id=\"\" class=\"x-ul-icons\" style=\"\" ><li id=\"\" class=\"x-li-icon\" style=\"\" ><i class=\"x-icon-bank\" aria-hidden=\"true\" style=\"\" data-x-icon-s=\"&#xf19c;\" ><\/i>Mairie<\/li><li id=\"\" class=\"x-li-icon\" style=\"\" ><i class=\"x-icon-envelope-o\" aria-hidden=\"true\" style=\"\" data-x-icon-s=\"&#xf0e0;\" ><\/i>Place Louis Delannoy<\/li><li id=\"\" class=\"x-li-icon\" style=\"\" ><i class=\"x-icon-envelope-o\" aria-hidden=\"true\" style=\"\" data-x-icon-s=\"&#xf0e0;\" ><\/i>62920 GONNEHEM<\/li><li id=\"\" class=\"x-li-icon\" style=\"\" ><i class=\"x-icon-phone-square\" aria-hidden=\"true\" style=\"\" data-x-icon-s=\"&#xf098;\" ><\/i>03.21.57.32.43<\/li><li id=\"\" class=\"x-li-icon\" style=\"\" ><i class=\"x-icon-laptop\" aria-hidden=\"true\" style=\"\" data-x-icon-s=\"&#xf109;\" ><\/i><a href=\"http:\/\/www.gonnehem.fr\" title=\"Site internet de la ville de Gonnehem\" target=\"_blank\" rel=\"noopener noreferrer\">www.gonnehem.fr<\/a><\/li><li id=\"\" class=\"x-li-icon\" style=\"\" ><i class=\"x-icon-facebook-square\" aria-hidden=\"true\" style=\"\" data-x-icon-b=\"&#xf082;\" ><\/i><a href=\"https:\/\/www.facebook.com\/p\/Commune-de-Gonnehem-100068969936969\/?locale=fr_FR\" title=\"Page Facebook de la ville de Gonnehem\" target=\"_blank\" rel=\"noopener noreferrer\">Facebook<\/a><\/li><li id=\"\" class=\"x-li-icon\" style=\"\" ><i class=\"x-icon-user\" aria-hidden=\"true\" style=\"\" data-x-icon-s=\"&#xf007;\" ><\/i>Maire : Laurent POIR\u00c9<\/li><\/ul><\/div><div  class=\"x-column x-sm x-1-2\" style=\"padding: 0px;\" ><div  class=\"x-feature-box center-text top-text cf\" style=\"color: hsl(199, 65%, 68%); max-width: none;\" data-x-element=\"feature_box\" data-x-params=\"{&quot;child&quot;:false,&quot;graphicAnimation&quot;:&quot;none&quot;,&quot;graphicAnimationOffset&quot;:&quot;50&quot;,&quot;graphicAnimationDelay&quot;:&quot;0&quot;}\"><div class=\"x-feature-box-graphic circle \"><div class=\"x-feature-box-graphic-outer circle\" style=\"\"><div class=\"x-feature-box-graphic-inner circle\" style=\"font-size: 60px;\"><i class=\"x-icon-folder-gear circle\" data-x-icon-s=\"&#xe187;\"  style=\"margin: 0 auto; color: #ffffff; background-color: hsl(199, 65%, 68%);\"><\/i><\/div><\/div><\/div><div class=\"x-feature-box-content \"><h4 class=\"x-feature-box-title\" style=\"color: hsl(199, 65%, 68%);\"><\/h4><p class=\"x-feature-box-text\" style=\"color: hsl(199, 65%, 68%);\"><\/p><\/div><\/div><div  class=\"x-accordion\" ><div  class=\"x-accordion-group\" ><div class=\"x-accordion-heading\"><a id=\"tab-69f1d7138c66b\" class=\"x-accordion-toggle collapsed\" role=\"tab\" data-x-toggle=\"collapse-b\" data-x-toggleable=\"69f1d7138c66b\" aria-selected=\"false\" aria-expanded=\"false\" aria-controls=\"panel-69f1d7138c66b\"><i class='x-framework-icon x-shortcode-accordion-icon' data-x-icon-s='&#x2b;' aria-hidden=true><\/i><span>P\u00f4le Solidarit\u00e9 - Sant\u00e9<\/span><\/a><\/div><div id=\"panel-69f1d7138c66b\" class=\"x-accordion-body x-collapsed\" role=\"tabpanel\" data-x-toggle-collapse=\"1\" data-x-toggleable=\"69f1d7138c66b\" aria-hidden=\"true\" aria-labelledby=\"tab-69f1d7138c66b\"><div class=\"x-accordion-inner\"><p><a href=\"https:\/\/www.sivom-bethunois.fr\/index.php\/social\/ehpad\/\">EHPAD<\/a><br \/>\n<a href=\"https:\/\/www.sivom-bethunois.fr\/index.php\/social\/residences\/\">R\u00e9sidences Autonomie<\/a><br \/>\n<a href=\"https:\/\/www.sivom-bethunois.fr\/index.php\/social\/spasad\/aides\/\">Aides \u00e0 domicile<\/a><br \/>\n<a href=\"https:\/\/www.sivom-bethunois.fr\/index.php\/social\/spasad\/soins\/\">Soins \u00e0 domicile<\/a><br \/>\n<a href=\"https:\/\/www.sivom-bethunois.fr\/index.php\/social\/spasad\/\">Garde \u00e0 domicile<\/a><br \/>\n<a href=\"https:\/\/www.sivom-bethunois.fr\/index.php\/social\/spasad\/\">Petits travaux de d\u00e9pannage jardinage \u00e0 domicile<\/a><br \/>\n<a href=\"https:\/\/www.sivom-bethunois.fr\/index.php\/social\/chrysalide\/\">CSAPA La Chrysalide<\/a><br \/>\n<a href=\"https:\/\/www.sivom-bethunois.fr\/index.php\/social\/crematorium\/\">Cr\u00e9matorium<\/a><\/p><\/div><\/div><\/div><div  class=\"x-accordion-group\" ><div class=\"x-accordion-heading\"><a id=\"tab-69f1d7138c688\" class=\"x-accordion-toggle collapsed\" role=\"tab\" data-x-toggle=\"collapse-b\" data-x-toggleable=\"69f1d7138c688\" aria-selected=\"false\" aria-expanded=\"false\" aria-controls=\"panel-69f1d7138c688\"><i class='x-framework-icon x-shortcode-accordion-icon' data-x-icon-s='&#x2b;' aria-hidden=true><\/i><span>P\u00f4le Restauration Collective<\/span><\/a><\/div><div id=\"panel-69f1d7138c688\" class=\"x-accordion-body x-collapsed\" role=\"tabpanel\" data-x-toggle-collapse=\"1\" data-x-toggleable=\"69f1d7138c688\" aria-hidden=\"true\" aria-labelledby=\"tab-69f1d7138c688\"><div class=\"x-accordion-inner\"><p><a href=\"https:\/\/www.sivom-bethunois.fr\/index.php\/restauration\/\">Restauration collective<\/a><br \/>\n<a href=\"https:\/\/www.sivom-bethunois.fr\/index.php\/social\/repas\/\">Restauration \u00e0 domicile<\/a><\/p><\/div><\/div><\/div><div  class=\"x-accordion-group\" ><div class=\"x-accordion-heading\"><a id=\"tab-69f1d7138c699\" class=\"x-accordion-toggle collapsed\" role=\"tab\" data-x-toggle=\"collapse-b\" data-x-toggleable=\"69f1d7138c699\" aria-selected=\"false\" aria-expanded=\"false\" aria-controls=\"panel-69f1d7138c699\"><i class='x-framework-icon x-shortcode-accordion-icon' data-x-icon-s='&#x2b;' aria-hidden=true><\/i><span>P\u00f4le Services Techniques<\/span><\/a><\/div><div id=\"panel-69f1d7138c699\" class=\"x-accordion-body x-collapsed\" role=\"tabpanel\" data-x-toggle-collapse=\"1\" data-x-toggleable=\"69f1d7138c699\" aria-hidden=\"true\" aria-labelledby=\"tab-69f1d7138c699\"><div class=\"x-accordion-inner\"><p><a href=\"https:\/\/www.sivom-bethunois.fr\/index.php\/atelier\/voirie\/#entretien\">Entretien de la voirie<\/a><br \/>\n<a href=\"https:\/\/www.sivom-bethunois.fr\/index.php\/atelier\/voirie\/#nettoyage\">Nettoyage de la voirie<\/a><br \/>\n<a href=\"https:\/\/www.sivom-bethunois.fr\/index.php\/atelier\/voirie\/#signalisation\">Signalisation horizontale et verticale<\/a><br \/>\n<a href=\"https:\/\/www.sivom-bethunois.fr\/index.php\/atelier\/verts\/#terrains\">Entretien des terrains de sports<\/a><br \/>\n<a href=\"https:\/\/www.sivom-bethunois.fr\/index.php\/atelier\/verts\/#espaces\">Entretien des espaces verts<\/a><br \/>\n<a href=\"https:\/\/www.sivom-bethunois.fr\/index.php\/atelier\/verts\/#serres\">Serres<\/a><br \/>\n<a href=\"https:\/\/www.sivom-bethunois.fr\/index.php\/atelier\/ingenierie\/\">Centre d'ing\u00e9nierie<\/a><\/p><\/div><\/div><\/div><\/div><\/div><\/div><\/div><\/div>\n","protected":false},"excerpt":{"rendered":"<p>MairiePlace Louis Delannoy62920 GONNEHEM03.21.57.32.43www.gonnehem.frFacebookMaire : Laurent POIR\u00c9P\u00f4le Solidarit\u00e9 &#8211; Sant\u00e9EHPAD R\u00e9sidences Autonomie Aides \u00e0 domicile Soins \u00e0 domicile Garde \u00e0 domicile Petits travaux de d\u00e9pannage jardinage \u00e0 domicile CSAPA La Chrysalide Cr\u00e9matoriumP\u00f4le Restauration CollectiveRestauration collective Restauration \u00e0 domicileP\u00f4le Services TechniquesEntretien de la voirie Nettoyage de la voirie Signalisation horizontale et verticale Entretien des terrains de sports Entretien des espaces verts &#8230; <a href=\"https:\/\/www.sivom-bethunois.fr\/index.php\/2016\/10\/01\/gonnehem\/\" class=\"more-link\">Read More<\/a><\/p>\n","protected":false},"author":35,"featured_media":0,"comment_status":"closed","ping_status":"open","sticky":false,"template":"","format":"standard","meta":{"_monsterinsights_skip_tracking":false,"_monsterinsights_sitenote_active":false,"_monsterinsights_sitenote_note":"","_monsterinsights_sitenote_category":0,"footnotes":""},"categories":[1],"tags":[],"class_list":["post-705","post","type-post","status-publish","format-standard","hentry","category-non-classe","no-post-thumbnail"],"yoast_head":"<!-- This site is optimized with the Yoast SEO plugin v27.5 - https:\/\/yoast.com\/product\/yoast-seo-wordpress\/ -->\n<title>Gonnehem, commune adh\u00e9rante au SIVOM du B\u00e9thunois<\/title>\n<meta name=\"description\" content=\"Gonnehem adh\u00e8re au SIVOM du B\u00e9thunois pour am\u00e9liorer le cadre de vie des habitants, qui b\u00e9n\u00e9ficient de nombreux services \u00e0 la personne.\" \/>\n<meta name=\"robots\" content=\"index, follow, max-snippet:-1, max-image-preview:large, max-video-preview:-1\" \/>\n<link rel=\"canonical\" href=\"https:\/\/www.sivom-bethunois.fr\/index.php\/2016\/10\/01\/gonnehem\/\" \/>\n<meta property=\"og:locale\" content=\"fr_FR\" \/>\n<meta property=\"og:type\" content=\"article\" \/>\n<meta property=\"og:title\" content=\"Gonnehem, commune adh\u00e9rante au SIVOM du B\u00e9thunois\" \/>\n<meta property=\"og:description\" content=\"Gonnehem adh\u00e8re au SIVOM du B\u00e9thunois pour am\u00e9liorer le cadre de vie des habitants, qui b\u00e9n\u00e9ficient de nombreux services \u00e0 la personne.\" \/>\n<meta property=\"og:url\" content=\"https:\/\/www.sivom-bethunois.fr\/index.php\/2016\/10\/01\/gonnehem\/\" \/>\n<meta property=\"og:site_name\" content=\"SIVOM de la Communaut\u00e9 du B\u00e9thunois\" \/>\n<meta property=\"article:publisher\" content=\"https:\/\/www.facebook.com\/sivom.bethunois\" \/>\n<meta property=\"article:published_time\" content=\"2016-10-01T22:21:44+00:00\" \/>\n<meta property=\"article:modified_time\" content=\"2026-04-08T14:06:11+00:00\" \/>\n<meta name=\"author\" content=\"Communication\" \/>\n<meta name=\"twitter:card\" content=\"summary_large_image\" \/>\n<meta name=\"twitter:label1\" content=\"\u00c9crit par\" \/>\n\t<meta name=\"twitter:data1\" content=\"Communication\" \/>\n\t<meta name=\"twitter:label2\" content=\"Dur\u00e9e de lecture estim\u00e9e\" \/>\n\t<meta name=\"twitter:data2\" content=\"3 minutes\" \/>\n<script type=\"application\/ld+json\" class=\"yoast-schema-graph\">{\"@context\":\"https:\\\/\\\/schema.org\",\"@graph\":[{\"@type\":\"Article\",\"@id\":\"https:\\\/\\\/www.sivom-bethunois.fr\\\/index.php\\\/2016\\\/10\\\/01\\\/gonnehem\\\/#article\",\"isPartOf\":{\"@id\":\"https:\\\/\\\/www.sivom-bethunois.fr\\\/index.php\\\/2016\\\/10\\\/01\\\/gonnehem\\\/\"},\"author\":{\"name\":\"Communication\",\"@id\":\"https:\\\/\\\/www.sivom-bethunois.fr\\\/#\\\/schema\\\/person\\\/18aa91b1c24b3637fa4ea4a36817d42b\"},\"headline\":\"Gonnehem\",\"datePublished\":\"2016-10-01T22:21:44+00:00\",\"dateModified\":\"2026-04-08T14:06:11+00:00\",\"mainEntityOfPage\":{\"@id\":\"https:\\\/\\\/www.sivom-bethunois.fr\\\/index.php\\\/2016\\\/10\\\/01\\\/gonnehem\\\/\"},\"wordCount\":603,\"publisher\":{\"@id\":\"https:\\\/\\\/www.sivom-bethunois.fr\\\/#organization\"},\"inLanguage\":\"fr-FR\"},{\"@type\":\"WebPage\",\"@id\":\"https:\\\/\\\/www.sivom-bethunois.fr\\\/index.php\\\/2016\\\/10\\\/01\\\/gonnehem\\\/\",\"url\":\"https:\\\/\\\/www.sivom-bethunois.fr\\\/index.php\\\/2016\\\/10\\\/01\\\/gonnehem\\\/\",\"name\":\"Gonnehem, commune adh\u00e9rante au SIVOM du B\u00e9thunois\",\"isPartOf\":{\"@id\":\"https:\\\/\\\/www.sivom-bethunois.fr\\\/#website\"},\"datePublished\":\"2016-10-01T22:21:44+00:00\",\"dateModified\":\"2026-04-08T14:06:11+00:00\",\"description\":\"Gonnehem adh\u00e8re au SIVOM du B\u00e9thunois pour am\u00e9liorer le cadre de vie des habitants, qui b\u00e9n\u00e9ficient de nombreux services \u00e0 la personne.\",\"breadcrumb\":{\"@id\":\"https:\\\/\\\/www.sivom-bethunois.fr\\\/index.php\\\/2016\\\/10\\\/01\\\/gonnehem\\\/#breadcrumb\"},\"inLanguage\":\"fr-FR\",\"potentialAction\":[{\"@type\":\"ReadAction\",\"target\":[\"https:\\\/\\\/www.sivom-bethunois.fr\\\/index.php\\\/2016\\\/10\\\/01\\\/gonnehem\\\/\"]}]},{\"@type\":\"BreadcrumbList\",\"@id\":\"https:\\\/\\\/www.sivom-bethunois.fr\\\/index.php\\\/2016\\\/10\\\/01\\\/gonnehem\\\/#breadcrumb\",\"itemListElement\":[{\"@type\":\"ListItem\",\"position\":1,\"name\":\"Accueil\",\"item\":\"https:\\\/\\\/www.sivom-bethunois.fr\\\/\"},{\"@type\":\"ListItem\",\"position\":2,\"name\":\"Gonnehem\"}]},{\"@type\":\"WebSite\",\"@id\":\"https:\\\/\\\/www.sivom-bethunois.fr\\\/#website\",\"url\":\"https:\\\/\\\/www.sivom-bethunois.fr\\\/\",\"name\":\"SIVOM de la Communaut\u00e9 du B\u00e9thunois\",\"description\":\"Acteur de votre quotidien\",\"publisher\":{\"@id\":\"https:\\\/\\\/www.sivom-bethunois.fr\\\/#organization\"},\"potentialAction\":[{\"@type\":\"SearchAction\",\"target\":{\"@type\":\"EntryPoint\",\"urlTemplate\":\"https:\\\/\\\/www.sivom-bethunois.fr\\\/?s={search_term_string}\"},\"query-input\":{\"@type\":\"PropertyValueSpecification\",\"valueRequired\":true,\"valueName\":\"search_term_string\"}}],\"inLanguage\":\"fr-FR\"},{\"@type\":\"Organization\",\"@id\":\"https:\\\/\\\/www.sivom-bethunois.fr\\\/#organization\",\"name\":\"SIVOM de la Communaut\u00e9 du B\u00e9thunois\",\"url\":\"https:\\\/\\\/www.sivom-bethunois.fr\\\/\",\"logo\":{\"@type\":\"ImageObject\",\"inLanguage\":\"fr-FR\",\"@id\":\"https:\\\/\\\/www.sivom-bethunois.fr\\\/#\\\/schema\\\/logo\\\/image\\\/\",\"url\":\"https:\\\/\\\/www.sivom-bethunois.fr\\\/wp-content\\\/uploads\\\/2024\\\/07\\\/cropped-Logo-DG-site.png\",\"contentUrl\":\"https:\\\/\\\/www.sivom-bethunois.fr\\\/wp-content\\\/uploads\\\/2024\\\/07\\\/cropped-Logo-DG-site.png\",\"width\":512,\"height\":512,\"caption\":\"SIVOM de la Communaut\u00e9 du B\u00e9thunois\"},\"image\":{\"@id\":\"https:\\\/\\\/www.sivom-bethunois.fr\\\/#\\\/schema\\\/logo\\\/image\\\/\"},\"sameAs\":[\"https:\\\/\\\/www.facebook.com\\\/sivom.bethunois\"]},{\"@type\":\"Person\",\"@id\":\"https:\\\/\\\/www.sivom-bethunois.fr\\\/#\\\/schema\\\/person\\\/18aa91b1c24b3637fa4ea4a36817d42b\",\"name\":\"Communication\",\"image\":{\"@type\":\"ImageObject\",\"inLanguage\":\"fr-FR\",\"@id\":\"https:\\\/\\\/secure.gravatar.com\\\/avatar\\\/bef6ae94ad6fa1413bff8044417581d06538619b6f944eb2095a42ab647d0f8f?s=96&d=mm&r=g\",\"url\":\"https:\\\/\\\/secure.gravatar.com\\\/avatar\\\/bef6ae94ad6fa1413bff8044417581d06538619b6f944eb2095a42ab647d0f8f?s=96&d=mm&r=g\",\"contentUrl\":\"https:\\\/\\\/secure.gravatar.com\\\/avatar\\\/bef6ae94ad6fa1413bff8044417581d06538619b6f944eb2095a42ab647d0f8f?s=96&d=mm&r=g\",\"caption\":\"Communication\"},\"url\":\"https:\\\/\\\/www.sivom-bethunois.fr\\\/index.php\\\/author\\\/communication\\\/\"}]}<\/script>\n<!-- \/ Yoast SEO plugin. -->","yoast_head_json":{"title":"Gonnehem, commune adh\u00e9rante au SIVOM du B\u00e9thunois","description":"Gonnehem adh\u00e8re au SIVOM du B\u00e9thunois pour am\u00e9liorer le cadre de vie des habitants, qui b\u00e9n\u00e9ficient de nombreux services \u00e0 la personne.","robots":{"index":"index","follow":"follow","max-snippet":"max-snippet:-1","max-image-preview":"max-image-preview:large","max-video-preview":"max-video-preview:-1"},"canonical":"https:\/\/www.sivom-bethunois.fr\/index.php\/2016\/10\/01\/gonnehem\/","og_locale":"fr_FR","og_type":"article","og_title":"Gonnehem, commune adh\u00e9rante au SIVOM du B\u00e9thunois","og_description":"Gonnehem adh\u00e8re au SIVOM du B\u00e9thunois pour am\u00e9liorer le cadre de vie des habitants, qui b\u00e9n\u00e9ficient de nombreux services \u00e0 la personne.","og_url":"https:\/\/www.sivom-bethunois.fr\/index.php\/2016\/10\/01\/gonnehem\/","og_site_name":"SIVOM de la Communaut\u00e9 du B\u00e9thunois","article_publisher":"https:\/\/www.facebook.com\/sivom.bethunois","article_published_time":"2016-10-01T22:21:44+00:00","article_modified_time":"2026-04-08T14:06:11+00:00","author":"Communication","twitter_card":"summary_large_image","twitter_misc":{"\u00c9crit par":"Communication","Dur\u00e9e de lecture estim\u00e9e":"3 minutes"},"schema":{"@context":"https:\/\/schema.org","@graph":[{"@type":"Article","@id":"https:\/\/www.sivom-bethunois.fr\/index.php\/2016\/10\/01\/gonnehem\/#article","isPartOf":{"@id":"https:\/\/www.sivom-bethunois.fr\/index.php\/2016\/10\/01\/gonnehem\/"},"author":{"name":"Communication","@id":"https:\/\/www.sivom-bethunois.fr\/#\/schema\/person\/18aa91b1c24b3637fa4ea4a36817d42b"},"headline":"Gonnehem","datePublished":"2016-10-01T22:21:44+00:00","dateModified":"2026-04-08T14:06:11+00:00","mainEntityOfPage":{"@id":"https:\/\/www.sivom-bethunois.fr\/index.php\/2016\/10\/01\/gonnehem\/"},"wordCount":603,"publisher":{"@id":"https:\/\/www.sivom-bethunois.fr\/#organization"},"inLanguage":"fr-FR"},{"@type":"WebPage","@id":"https:\/\/www.sivom-bethunois.fr\/index.php\/2016\/10\/01\/gonnehem\/","url":"https:\/\/www.sivom-bethunois.fr\/index.php\/2016\/10\/01\/gonnehem\/","name":"Gonnehem, commune adh\u00e9rante au SIVOM du B\u00e9thunois","isPartOf":{"@id":"https:\/\/www.sivom-bethunois.fr\/#website"},"datePublished":"2016-10-01T22:21:44+00:00","dateModified":"2026-04-08T14:06:11+00:00","description":"Gonnehem adh\u00e8re au SIVOM du B\u00e9thunois pour am\u00e9liorer le cadre de vie des habitants, qui b\u00e9n\u00e9ficient de nombreux services \u00e0 la personne.","breadcrumb":{"@id":"https:\/\/www.sivom-bethunois.fr\/index.php\/2016\/10\/01\/gonnehem\/#breadcrumb"},"inLanguage":"fr-FR","potentialAction":[{"@type":"ReadAction","target":["https:\/\/www.sivom-bethunois.fr\/index.php\/2016\/10\/01\/gonnehem\/"]}]},{"@type":"BreadcrumbList","@id":"https:\/\/www.sivom-bethunois.fr\/index.php\/2016\/10\/01\/gonnehem\/#breadcrumb","itemListElement":[{"@type":"ListItem","position":1,"name":"Accueil","item":"https:\/\/www.sivom-bethunois.fr\/"},{"@type":"ListItem","position":2,"name":"Gonnehem"}]},{"@type":"WebSite","@id":"https:\/\/www.sivom-bethunois.fr\/#website","url":"https:\/\/www.sivom-bethunois.fr\/","name":"SIVOM de la Communaut\u00e9 du B\u00e9thunois","description":"Acteur de votre quotidien","publisher":{"@id":"https:\/\/www.sivom-bethunois.fr\/#organization"},"potentialAction":[{"@type":"SearchAction","target":{"@type":"EntryPoint","urlTemplate":"https:\/\/www.sivom-bethunois.fr\/?s={search_term_string}"},"query-input":{"@type":"PropertyValueSpecification","valueRequired":true,"valueName":"search_term_string"}}],"inLanguage":"fr-FR"},{"@type":"Organization","@id":"https:\/\/www.sivom-bethunois.fr\/#organization","name":"SIVOM de la Communaut\u00e9 du B\u00e9thunois","url":"https:\/\/www.sivom-bethunois.fr\/","logo":{"@type":"ImageObject","inLanguage":"fr-FR","@id":"https:\/\/www.sivom-bethunois.fr\/#\/schema\/logo\/image\/","url":"https:\/\/www.sivom-bethunois.fr\/wp-content\/uploads\/2024\/07\/cropped-Logo-DG-site.png","contentUrl":"https:\/\/www.sivom-bethunois.fr\/wp-content\/uploads\/2024\/07\/cropped-Logo-DG-site.png","width":512,"height":512,"caption":"SIVOM de la Communaut\u00e9 du B\u00e9thunois"},"image":{"@id":"https:\/\/www.sivom-bethunois.fr\/#\/schema\/logo\/image\/"},"sameAs":["https:\/\/www.facebook.com\/sivom.bethunois"]},{"@type":"Person","@id":"https:\/\/www.sivom-bethunois.fr\/#\/schema\/person\/18aa91b1c24b3637fa4ea4a36817d42b","name":"Communication","image":{"@type":"ImageObject","inLanguage":"fr-FR","@id":"https:\/\/secure.gravatar.com\/avatar\/bef6ae94ad6fa1413bff8044417581d06538619b6f944eb2095a42ab647d0f8f?s=96&d=mm&r=g","url":"https:\/\/secure.gravatar.com\/avatar\/bef6ae94ad6fa1413bff8044417581d06538619b6f944eb2095a42ab647d0f8f?s=96&d=mm&r=g","contentUrl":"https:\/\/secure.gravatar.com\/avatar\/bef6ae94ad6fa1413bff8044417581d06538619b6f944eb2095a42ab647d0f8f?s=96&d=mm&r=g","caption":"Communication"},"url":"https:\/\/www.sivom-bethunois.fr\/index.php\/author\/communication\/"}]}},"_links":{"self":[{"href":"https:\/\/www.sivom-bethunois.fr\/index.php\/wp-json\/wp\/v2\/posts\/705","targetHints":{"allow":["GET"]}}],"collection":[{"href":"https:\/\/www.sivom-bethunois.fr\/index.php\/wp-json\/wp\/v2\/posts"}],"about":[{"href":"https:\/\/www.sivom-bethunois.fr\/index.php\/wp-json\/wp\/v2\/types\/post"}],"author":[{"embeddable":true,"href":"https:\/\/www.sivom-bethunois.fr\/index.php\/wp-json\/wp\/v2\/users\/35"}],"replies":[{"embeddable":true,"href":"https:\/\/www.sivom-bethunois.fr\/index.php\/wp-json\/wp\/v2\/comments?post=705"}],"version-history":[{"count":16,"href":"https:\/\/www.sivom-bethunois.fr\/index.php\/wp-json\/wp\/v2\/posts\/705\/revisions"}],"predecessor-version":[{"id":15962,"href":"https:\/\/www.sivom-bethunois.fr\/index.php\/wp-json\/wp\/v2\/posts\/705\/revisions\/15962"}],"wp:attachment":[{"href":"https:\/\/www.sivom-bethunois.fr\/index.php\/wp-json\/wp\/v2\/media?parent=705"}],"wp:term":[{"taxonomy":"category","embeddable":true,"href":"https:\/\/www.sivom-bethunois.fr\/index.php\/wp-json\/wp\/v2\/categories?post=705"},{"taxonomy":"post_tag","embeddable":true,"href":"https:\/\/www.sivom-bethunois.fr\/index.php\/wp-json\/wp\/v2\/tags?post=705"}],"curies":[{"name":"wp","href":"https:\/\/api.w.org\/{rel}","templated":true}]}}