{"id":664,"date":"2016-10-01T20:09:56","date_gmt":"2016-10-01T19:09:56","guid":{"rendered":"http:\/\/www.sivom-bethunois.xyz\/?p=664"},"modified":"2026-01-06T15:43:35","modified_gmt":"2026-01-06T14:43:35","slug":"auchel","status":"publish","type":"post","link":"https:\/\/www.sivom-bethunois.fr\/index.php\/2016\/10\/01\/auchel\/","title":{"rendered":"Auchel"},"content":{"rendered":"<div id=\"cs-content\" class=\"cs-content\"><div id=\"x-section-1\" class=\"x-section\" style=\"margin: 0px;padding: 45px 0px; background-color: transparent;\" ><div id=\"\" class=\"x-container marginless-columns\" style=\"margin: 0px auto;padding: 0px;\" ><div  class=\"x-column x-sm x-1-1\" style=\"padding: 0px;\" ><span class=\"x-image e664-e4 mig-0\"><img fetchpriority=\"high\" decoding=\"async\" src=\"https:\/\/www.sivom-bethunois.fr\/wp-content\/uploads\/2026\/01\/Auchel.png\" width=\"897\" height=\"867\" alt=\"Image\"><\/span><\/div><\/div><\/div><div id=\"x-section-2\" class=\"x-section\" style=\"margin: 0px;padding: 0px; background-color: transparent;\" ><div id=\"\" class=\"x-container\" style=\"margin: 0px auto;padding: 0px;\" ><div  class=\"x-column x-sm x-1-2\" style=\"padding: 0px;\" ><div  class=\"x-feature-box center-text top-text cf\" style=\"color: hsl(199, 65%, 68%); max-width: none;\" data-x-element=\"feature_box\" data-x-params=\"{&quot;child&quot;:false,&quot;graphicAnimation&quot;:&quot;none&quot;,&quot;graphicAnimationOffset&quot;:&quot;50&quot;,&quot;graphicAnimationDelay&quot;:&quot;0&quot;}\"><div class=\"x-feature-box-graphic circle \"><div class=\"x-feature-box-graphic-outer circle\" style=\"\"><div class=\"x-feature-box-graphic-inner circle\" style=\"font-size: 60px;\"><i class=\"x-icon-info-circle circle\" data-x-icon-s=\"&#xf05a;\"  style=\"margin: 0 auto; color: #ffffff; background-color: hsl(199, 65%, 68%);\"><\/i><\/div><\/div><\/div><div class=\"x-feature-box-content \"><h4 class=\"x-feature-box-title\" style=\"color: hsl(199, 65%, 68%);\"><\/h4><p class=\"x-feature-box-text\" style=\"color: hsl(199, 65%, 68%);\"><\/p><\/div><\/div><ul id=\"\" class=\"x-ul-icons\" style=\"\" ><li id=\"\" class=\"x-li-icon\" style=\"\" ><i class=\"x-icon-bank\" aria-hidden=\"true\" style=\"\" data-x-icon-s=\"&#xf19c;\" ><\/i>Mairie<\/li><li id=\"\" class=\"x-li-icon\" style=\"\" ><i class=\"x-icon-envelope-o\" aria-hidden=\"true\" style=\"\" data-x-icon-s=\"&#xf0e0;\" ><\/i>Place Andr\u00e9 Mancey<\/li><li id=\"\" class=\"x-li-icon\" style=\"\" ><i class=\"x-icon-envelope-o\" aria-hidden=\"true\" style=\"\" data-x-icon-s=\"&#xf0e0;\" ><\/i>62260 AUCHEL<\/li><li id=\"\" class=\"x-li-icon\" style=\"\" ><i class=\"x-icon-phone-square\" aria-hidden=\"true\" style=\"\" data-x-icon-s=\"&#xf098;\" ><\/i>03.21.64.79.00<\/li><li id=\"\" class=\"x-li-icon\" style=\"\" ><i class=\"x-icon-laptop\" aria-hidden=\"true\" style=\"\" data-x-icon-s=\"&#xf109;\" ><\/i><a href=\"http:\/\/www.auchel.fr\" title=\"Site internet de la ville d&#039;Auchel\" target=\"_blank\" rel=\"noopener noreferrer\">www.auchel.fr<\/a><\/li><li id=\"\" class=\"x-li-icon\" style=\"\" ><i class=\"x-icon-facebook-square\" aria-hidden=\"true\" style=\"\" data-x-icon-b=\"&#xf082;\" ><\/i><a href=\"https:\/\/www.facebook.com\/ServiceCohesionSocialeAuchel\" title=\"Page Facebook de la ville d&#039;auchel\" target=\"_blank\" rel=\"noopener noreferrer\">Facebook<\/a><\/li><li id=\"\" class=\"x-li-icon\" style=\"\" ><i class=\"x-icon-user\" aria-hidden=\"true\" style=\"\" data-x-icon-s=\"&#xf007;\" ><\/i>Maire : Nicolas CARR\u00c9<\/li><\/ul><\/div><div  class=\"x-column x-sm x-1-2\" style=\"padding: 0px;\" ><div  class=\"x-feature-box center-text top-text cf\" style=\"color: hsl(199, 65%, 68%); max-width: none;\" data-x-element=\"feature_box\" data-x-params=\"{&quot;child&quot;:false,&quot;graphicAnimation&quot;:&quot;none&quot;,&quot;graphicAnimationOffset&quot;:&quot;50&quot;,&quot;graphicAnimationDelay&quot;:&quot;0&quot;}\"><div class=\"x-feature-box-graphic circle \"><div class=\"x-feature-box-graphic-outer circle\" style=\"\"><div class=\"x-feature-box-graphic-inner circle\" style=\"font-size: 60px;\"><i class=\"x-icon-folder-gear circle\" data-x-icon-s=\"&#xe187;\"  style=\"margin: 0 auto; color: #ffffff; background-color: hsl(199, 65%, 68%);\"><\/i><\/div><\/div><\/div><div class=\"x-feature-box-content \"><h4 class=\"x-feature-box-title\" style=\"color: hsl(199, 65%, 68%);\"><\/h4><p class=\"x-feature-box-text\" style=\"color: hsl(199, 65%, 68%);\"><\/p><\/div><\/div><div  class=\"x-accordion\" ><div  class=\"x-accordion-group\" ><div class=\"x-accordion-heading\"><a id=\"tab-69f469f6856ed\" class=\"x-accordion-toggle collapsed\" role=\"tab\" data-x-toggle=\"collapse-b\" data-x-toggleable=\"69f469f6856ed\" aria-selected=\"false\" aria-expanded=\"false\" aria-controls=\"panel-69f469f6856ed\"><i class='x-framework-icon x-shortcode-accordion-icon' data-x-icon-s='&#x2b;' aria-hidden=true><\/i><span>P\u00f4le Solidarit\u00e9 - Sant\u00e9<\/span><\/a><\/div><div id=\"panel-69f469f6856ed\" class=\"x-accordion-body x-collapsed\" role=\"tabpanel\" data-x-toggle-collapse=\"1\" data-x-toggleable=\"69f469f6856ed\" aria-hidden=\"true\" aria-labelledby=\"tab-69f469f6856ed\"><div class=\"x-accordion-inner\"><p><a href=\"https:\/\/www.sivom-bethunois.fr\/index.php\/solidarite-2\/chrysalide\/\">CSAPA La Chrysalide<\/a><br \/>\n<a href=\"https:\/\/www.sivom-bethunois.fr\/index.php\/solidarite-2\/crematorium\/\">Cr\u00e9matorium<\/a><\/p><\/div><\/div><\/div><div  class=\"x-accordion-group\" ><div class=\"x-accordion-heading\"><a id=\"tab-69f469f685707\" class=\"x-accordion-toggle collapsed\" role=\"tab\" data-x-toggle=\"collapse-b\" data-x-toggleable=\"69f469f685707\" aria-selected=\"false\" aria-expanded=\"false\" aria-controls=\"panel-69f469f685707\"><i class='x-framework-icon x-shortcode-accordion-icon' data-x-icon-s='&#x2b;' aria-hidden=true><\/i><span>P\u00f4le Restauration Collective<\/span><\/a><\/div><div id=\"panel-69f469f685707\" class=\"x-accordion-body x-collapsed\" role=\"tabpanel\" data-x-toggle-collapse=\"1\" data-x-toggleable=\"69f469f685707\" aria-hidden=\"true\" aria-labelledby=\"tab-69f469f685707\"><div class=\"x-accordion-inner\"><a href=\"https:\/\/www.sivom-bethunois.fr\/index.php\/restauration\/\">Restauration collective<\/a><\/div><\/div><\/div><div  class=\"x-accordion-group\" ><div class=\"x-accordion-heading\"><a id=\"tab-69f469f685717\" class=\"x-accordion-toggle collapsed\" role=\"tab\" data-x-toggle=\"collapse-b\" data-x-toggleable=\"69f469f685717\" aria-selected=\"false\" aria-expanded=\"false\" aria-controls=\"panel-69f469f685717\"><i class='x-framework-icon x-shortcode-accordion-icon' data-x-icon-s='&#x2b;' aria-hidden=true><\/i><span>P\u00f4le Enfance - Jeunesse<\/span><\/a><\/div><div id=\"panel-69f469f685717\" class=\"x-accordion-body x-collapsed\" role=\"tabpanel\" data-x-toggle-collapse=\"1\" data-x-toggleable=\"69f469f685717\" aria-hidden=\"true\" aria-labelledby=\"tab-69f469f685717\"><div class=\"x-accordion-inner\"><a href=\"https:\/\/www.sivom-bethunois.fr\/index.php\/jeunesse\/colonies\/\">Colonies de vacances<\/a><\/div><\/div><\/div><div  class=\"x-accordion-group\" ><div class=\"x-accordion-heading\"><a id=\"tab-69f469f685726\" class=\"x-accordion-toggle collapsed\" role=\"tab\" data-x-toggle=\"collapse-b\" data-x-toggleable=\"69f469f685726\" aria-selected=\"false\" aria-expanded=\"false\" aria-controls=\"panel-69f469f685726\"><i class='x-framework-icon x-shortcode-accordion-icon' data-x-icon-s='&#x2b;' aria-hidden=true><\/i><span>P\u00f4le Services Techniques<\/span><\/a><\/div><div id=\"panel-69f469f685726\" class=\"x-accordion-body x-collapsed\" role=\"tabpanel\" data-x-toggle-collapse=\"1\" data-x-toggleable=\"69f469f685726\" aria-hidden=\"true\" aria-labelledby=\"tab-69f469f685726\"><div class=\"x-accordion-inner\"><p><a href=\"https:\/\/www.sivom-bethunois.fr\/index.php\/atelier\/voirie\/#nettoyage\">Nettoyage de la voirie<\/a><br \/>\n<a href=\"https:\/\/www.sivom-bethunois.fr\/index.php\/atelier\/voirie\/#signalisation\">Signalisation <span>horizontale et verticale<\/span><\/a><br \/>\n<a href=\"https:\/\/www.sivom-bethunois.fr\/index.php\/atelier\/voirie\/#signalisation\">Signalisation tricolore<\/a><br \/>\n<a href=\"https:\/\/www.sivom-bethunois.fr\/index.php\/atelier\/voirie\/#signalisation\">Vid\u00e9oprotection<\/a><br \/>\n<a href=\"https:\/\/www.sivom-bethunois.fr\/index.php\/atelier\/voirie\/#eclairage\">\u00c9clairage public<\/a><br \/>\n<a href=\"https:\/\/www.sivom-bethunois.fr\/index.php\/atelier\/ingenierie\/\">Ing\u00e9nierie<\/a><\/p><\/div><\/div><\/div><\/div><\/div><\/div><\/div><\/div>\n","protected":false},"excerpt":{"rendered":"<p>MairiePlace Andr\u00e9 Mancey62260 AUCHEL03.21.64.79.00www.auchel.frFacebookMaire : Nicolas CARR\u00c9P\u00f4le Solidarit\u00e9 &#8211; Sant\u00e9CSAPA La Chrysalide Cr\u00e9matoriumP\u00f4le Restauration CollectiveRestauration collectiveP\u00f4le Enfance &#8211; JeunesseColonies de vacancesP\u00f4le Services TechniquesNettoyage de la voirie Signalisation horizontale et verticale Signalisation tricolore Vid\u00e9oprotection \u00c9clairage public Ing\u00e9nierie<\/p>\n","protected":false},"author":35,"featured_media":0,"comment_status":"closed","ping_status":"open","sticky":false,"template":"","format":"standard","meta":{"_monsterinsights_skip_tracking":false,"_monsterinsights_sitenote_active":false,"_monsterinsights_sitenote_note":"","_monsterinsights_sitenote_category":0,"footnotes":""},"categories":[1],"tags":[],"class_list":["post-664","post","type-post","status-publish","format-standard","hentry","category-non-classe","no-post-thumbnail"],"yoast_head":"<!-- This site is optimized with the Yoast SEO plugin v27.5 - https:\/\/yoast.com\/product\/yoast-seo-wordpress\/ -->\n<title>Auchel, commune adh\u00e9rante au SIVOM du B\u00e9thunois<\/title>\n<meta name=\"description\" content=\"Auchel adh\u00e8re au SIVOM du B\u00e9thunois pour am\u00e9liorer le cadre de vie des habitants, qui b\u00e9n\u00e9ficient de nombreux services \u00e0 la personne.\" \/>\n<meta name=\"robots\" content=\"index, follow, max-snippet:-1, max-image-preview:large, max-video-preview:-1\" \/>\n<link rel=\"canonical\" href=\"https:\/\/www.sivom-bethunois.fr\/index.php\/2016\/10\/01\/auchel\/\" \/>\n<meta property=\"og:locale\" content=\"fr_FR\" \/>\n<meta property=\"og:type\" content=\"article\" \/>\n<meta property=\"og:title\" content=\"Auchel, commune adh\u00e9rante au SIVOM du B\u00e9thunois\" \/>\n<meta property=\"og:description\" content=\"Auchel adh\u00e8re au SIVOM du B\u00e9thunois pour am\u00e9liorer le cadre de vie des habitants, qui b\u00e9n\u00e9ficient de nombreux services \u00e0 la personne.\" \/>\n<meta property=\"og:url\" content=\"https:\/\/www.sivom-bethunois.fr\/index.php\/2016\/10\/01\/auchel\/\" \/>\n<meta property=\"og:site_name\" content=\"SIVOM de la Communaut\u00e9 du B\u00e9thunois\" \/>\n<meta property=\"article:publisher\" content=\"https:\/\/www.facebook.com\/sivom.bethunois\" \/>\n<meta property=\"article:published_time\" content=\"2016-10-01T19:09:56+00:00\" \/>\n<meta property=\"article:modified_time\" content=\"2026-01-06T14:43:35+00:00\" \/>\n<meta name=\"author\" content=\"Communication\" \/>\n<meta name=\"twitter:card\" content=\"summary_large_image\" \/>\n<meta name=\"twitter:label1\" content=\"\u00c9crit par\" \/>\n\t<meta name=\"twitter:data1\" content=\"Communication\" \/>\n\t<meta name=\"twitter:label2\" content=\"Dur\u00e9e de lecture estim\u00e9e\" \/>\n\t<meta name=\"twitter:data2\" content=\"3 minutes\" \/>\n<script type=\"application\/ld+json\" class=\"yoast-schema-graph\">{\"@context\":\"https:\\\/\\\/schema.org\",\"@graph\":[{\"@type\":\"Article\",\"@id\":\"https:\\\/\\\/www.sivom-bethunois.fr\\\/index.php\\\/2016\\\/10\\\/01\\\/auchel\\\/#article\",\"isPartOf\":{\"@id\":\"https:\\\/\\\/www.sivom-bethunois.fr\\\/index.php\\\/2016\\\/10\\\/01\\\/auchel\\\/\"},\"author\":{\"name\":\"Communication\",\"@id\":\"https:\\\/\\\/www.sivom-bethunois.fr\\\/#\\\/schema\\\/person\\\/18aa91b1c24b3637fa4ea4a36817d42b\"},\"headline\":\"Auchel\",\"datePublished\":\"2016-10-01T19:09:56+00:00\",\"dateModified\":\"2026-01-06T14:43:35+00:00\",\"mainEntityOfPage\":{\"@id\":\"https:\\\/\\\/www.sivom-bethunois.fr\\\/index.php\\\/2016\\\/10\\\/01\\\/auchel\\\/\"},\"wordCount\":587,\"publisher\":{\"@id\":\"https:\\\/\\\/www.sivom-bethunois.fr\\\/#organization\"},\"inLanguage\":\"fr-FR\"},{\"@type\":\"WebPage\",\"@id\":\"https:\\\/\\\/www.sivom-bethunois.fr\\\/index.php\\\/2016\\\/10\\\/01\\\/auchel\\\/\",\"url\":\"https:\\\/\\\/www.sivom-bethunois.fr\\\/index.php\\\/2016\\\/10\\\/01\\\/auchel\\\/\",\"name\":\"Auchel, commune adh\u00e9rante au SIVOM du B\u00e9thunois\",\"isPartOf\":{\"@id\":\"https:\\\/\\\/www.sivom-bethunois.fr\\\/#website\"},\"datePublished\":\"2016-10-01T19:09:56+00:00\",\"dateModified\":\"2026-01-06T14:43:35+00:00\",\"description\":\"Auchel adh\u00e8re au SIVOM du B\u00e9thunois pour am\u00e9liorer le cadre de vie des habitants, qui b\u00e9n\u00e9ficient de nombreux services \u00e0 la personne.\",\"breadcrumb\":{\"@id\":\"https:\\\/\\\/www.sivom-bethunois.fr\\\/index.php\\\/2016\\\/10\\\/01\\\/auchel\\\/#breadcrumb\"},\"inLanguage\":\"fr-FR\",\"potentialAction\":[{\"@type\":\"ReadAction\",\"target\":[\"https:\\\/\\\/www.sivom-bethunois.fr\\\/index.php\\\/2016\\\/10\\\/01\\\/auchel\\\/\"]}]},{\"@type\":\"BreadcrumbList\",\"@id\":\"https:\\\/\\\/www.sivom-bethunois.fr\\\/index.php\\\/2016\\\/10\\\/01\\\/auchel\\\/#breadcrumb\",\"itemListElement\":[{\"@type\":\"ListItem\",\"position\":1,\"name\":\"Accueil\",\"item\":\"https:\\\/\\\/www.sivom-bethunois.fr\\\/\"},{\"@type\":\"ListItem\",\"position\":2,\"name\":\"Auchel\"}]},{\"@type\":\"WebSite\",\"@id\":\"https:\\\/\\\/www.sivom-bethunois.fr\\\/#website\",\"url\":\"https:\\\/\\\/www.sivom-bethunois.fr\\\/\",\"name\":\"SIVOM de la Communaut\u00e9 du B\u00e9thunois\",\"description\":\"Acteur de votre quotidien\",\"publisher\":{\"@id\":\"https:\\\/\\\/www.sivom-bethunois.fr\\\/#organization\"},\"potentialAction\":[{\"@type\":\"SearchAction\",\"target\":{\"@type\":\"EntryPoint\",\"urlTemplate\":\"https:\\\/\\\/www.sivom-bethunois.fr\\\/?s={search_term_string}\"},\"query-input\":{\"@type\":\"PropertyValueSpecification\",\"valueRequired\":true,\"valueName\":\"search_term_string\"}}],\"inLanguage\":\"fr-FR\"},{\"@type\":\"Organization\",\"@id\":\"https:\\\/\\\/www.sivom-bethunois.fr\\\/#organization\",\"name\":\"SIVOM de la Communaut\u00e9 du B\u00e9thunois\",\"url\":\"https:\\\/\\\/www.sivom-bethunois.fr\\\/\",\"logo\":{\"@type\":\"ImageObject\",\"inLanguage\":\"fr-FR\",\"@id\":\"https:\\\/\\\/www.sivom-bethunois.fr\\\/#\\\/schema\\\/logo\\\/image\\\/\",\"url\":\"https:\\\/\\\/www.sivom-bethunois.fr\\\/wp-content\\\/uploads\\\/2024\\\/07\\\/cropped-Logo-DG-site.png\",\"contentUrl\":\"https:\\\/\\\/www.sivom-bethunois.fr\\\/wp-content\\\/uploads\\\/2024\\\/07\\\/cropped-Logo-DG-site.png\",\"width\":512,\"height\":512,\"caption\":\"SIVOM de la Communaut\u00e9 du B\u00e9thunois\"},\"image\":{\"@id\":\"https:\\\/\\\/www.sivom-bethunois.fr\\\/#\\\/schema\\\/logo\\\/image\\\/\"},\"sameAs\":[\"https:\\\/\\\/www.facebook.com\\\/sivom.bethunois\"]},{\"@type\":\"Person\",\"@id\":\"https:\\\/\\\/www.sivom-bethunois.fr\\\/#\\\/schema\\\/person\\\/18aa91b1c24b3637fa4ea4a36817d42b\",\"name\":\"Communication\",\"image\":{\"@type\":\"ImageObject\",\"inLanguage\":\"fr-FR\",\"@id\":\"https:\\\/\\\/secure.gravatar.com\\\/avatar\\\/bef6ae94ad6fa1413bff8044417581d06538619b6f944eb2095a42ab647d0f8f?s=96&d=mm&r=g\",\"url\":\"https:\\\/\\\/secure.gravatar.com\\\/avatar\\\/bef6ae94ad6fa1413bff8044417581d06538619b6f944eb2095a42ab647d0f8f?s=96&d=mm&r=g\",\"contentUrl\":\"https:\\\/\\\/secure.gravatar.com\\\/avatar\\\/bef6ae94ad6fa1413bff8044417581d06538619b6f944eb2095a42ab647d0f8f?s=96&d=mm&r=g\",\"caption\":\"Communication\"},\"url\":\"https:\\\/\\\/www.sivom-bethunois.fr\\\/index.php\\\/author\\\/communication\\\/\"}]}<\/script>\n<!-- \/ Yoast SEO plugin. -->","yoast_head_json":{"title":"Auchel, commune adh\u00e9rante au SIVOM du B\u00e9thunois","description":"Auchel adh\u00e8re au SIVOM du B\u00e9thunois pour am\u00e9liorer le cadre de vie des habitants, qui b\u00e9n\u00e9ficient de nombreux services \u00e0 la personne.","robots":{"index":"index","follow":"follow","max-snippet":"max-snippet:-1","max-image-preview":"max-image-preview:large","max-video-preview":"max-video-preview:-1"},"canonical":"https:\/\/www.sivom-bethunois.fr\/index.php\/2016\/10\/01\/auchel\/","og_locale":"fr_FR","og_type":"article","og_title":"Auchel, commune adh\u00e9rante au SIVOM du B\u00e9thunois","og_description":"Auchel adh\u00e8re au SIVOM du B\u00e9thunois pour am\u00e9liorer le cadre de vie des habitants, qui b\u00e9n\u00e9ficient de nombreux services \u00e0 la personne.","og_url":"https:\/\/www.sivom-bethunois.fr\/index.php\/2016\/10\/01\/auchel\/","og_site_name":"SIVOM de la Communaut\u00e9 du B\u00e9thunois","article_publisher":"https:\/\/www.facebook.com\/sivom.bethunois","article_published_time":"2016-10-01T19:09:56+00:00","article_modified_time":"2026-01-06T14:43:35+00:00","author":"Communication","twitter_card":"summary_large_image","twitter_misc":{"\u00c9crit par":"Communication","Dur\u00e9e de lecture estim\u00e9e":"3 minutes"},"schema":{"@context":"https:\/\/schema.org","@graph":[{"@type":"Article","@id":"https:\/\/www.sivom-bethunois.fr\/index.php\/2016\/10\/01\/auchel\/#article","isPartOf":{"@id":"https:\/\/www.sivom-bethunois.fr\/index.php\/2016\/10\/01\/auchel\/"},"author":{"name":"Communication","@id":"https:\/\/www.sivom-bethunois.fr\/#\/schema\/person\/18aa91b1c24b3637fa4ea4a36817d42b"},"headline":"Auchel","datePublished":"2016-10-01T19:09:56+00:00","dateModified":"2026-01-06T14:43:35+00:00","mainEntityOfPage":{"@id":"https:\/\/www.sivom-bethunois.fr\/index.php\/2016\/10\/01\/auchel\/"},"wordCount":587,"publisher":{"@id":"https:\/\/www.sivom-bethunois.fr\/#organization"},"inLanguage":"fr-FR"},{"@type":"WebPage","@id":"https:\/\/www.sivom-bethunois.fr\/index.php\/2016\/10\/01\/auchel\/","url":"https:\/\/www.sivom-bethunois.fr\/index.php\/2016\/10\/01\/auchel\/","name":"Auchel, commune adh\u00e9rante au SIVOM du B\u00e9thunois","isPartOf":{"@id":"https:\/\/www.sivom-bethunois.fr\/#website"},"datePublished":"2016-10-01T19:09:56+00:00","dateModified":"2026-01-06T14:43:35+00:00","description":"Auchel adh\u00e8re au SIVOM du B\u00e9thunois pour am\u00e9liorer le cadre de vie des habitants, qui b\u00e9n\u00e9ficient de nombreux services \u00e0 la personne.","breadcrumb":{"@id":"https:\/\/www.sivom-bethunois.fr\/index.php\/2016\/10\/01\/auchel\/#breadcrumb"},"inLanguage":"fr-FR","potentialAction":[{"@type":"ReadAction","target":["https:\/\/www.sivom-bethunois.fr\/index.php\/2016\/10\/01\/auchel\/"]}]},{"@type":"BreadcrumbList","@id":"https:\/\/www.sivom-bethunois.fr\/index.php\/2016\/10\/01\/auchel\/#breadcrumb","itemListElement":[{"@type":"ListItem","position":1,"name":"Accueil","item":"https:\/\/www.sivom-bethunois.fr\/"},{"@type":"ListItem","position":2,"name":"Auchel"}]},{"@type":"WebSite","@id":"https:\/\/www.sivom-bethunois.fr\/#website","url":"https:\/\/www.sivom-bethunois.fr\/","name":"SIVOM de la Communaut\u00e9 du B\u00e9thunois","description":"Acteur de votre quotidien","publisher":{"@id":"https:\/\/www.sivom-bethunois.fr\/#organization"},"potentialAction":[{"@type":"SearchAction","target":{"@type":"EntryPoint","urlTemplate":"https:\/\/www.sivom-bethunois.fr\/?s={search_term_string}"},"query-input":{"@type":"PropertyValueSpecification","valueRequired":true,"valueName":"search_term_string"}}],"inLanguage":"fr-FR"},{"@type":"Organization","@id":"https:\/\/www.sivom-bethunois.fr\/#organization","name":"SIVOM de la Communaut\u00e9 du B\u00e9thunois","url":"https:\/\/www.sivom-bethunois.fr\/","logo":{"@type":"ImageObject","inLanguage":"fr-FR","@id":"https:\/\/www.sivom-bethunois.fr\/#\/schema\/logo\/image\/","url":"https:\/\/www.sivom-bethunois.fr\/wp-content\/uploads\/2024\/07\/cropped-Logo-DG-site.png","contentUrl":"https:\/\/www.sivom-bethunois.fr\/wp-content\/uploads\/2024\/07\/cropped-Logo-DG-site.png","width":512,"height":512,"caption":"SIVOM de la Communaut\u00e9 du B\u00e9thunois"},"image":{"@id":"https:\/\/www.sivom-bethunois.fr\/#\/schema\/logo\/image\/"},"sameAs":["https:\/\/www.facebook.com\/sivom.bethunois"]},{"@type":"Person","@id":"https:\/\/www.sivom-bethunois.fr\/#\/schema\/person\/18aa91b1c24b3637fa4ea4a36817d42b","name":"Communication","image":{"@type":"ImageObject","inLanguage":"fr-FR","@id":"https:\/\/secure.gravatar.com\/avatar\/bef6ae94ad6fa1413bff8044417581d06538619b6f944eb2095a42ab647d0f8f?s=96&d=mm&r=g","url":"https:\/\/secure.gravatar.com\/avatar\/bef6ae94ad6fa1413bff8044417581d06538619b6f944eb2095a42ab647d0f8f?s=96&d=mm&r=g","contentUrl":"https:\/\/secure.gravatar.com\/avatar\/bef6ae94ad6fa1413bff8044417581d06538619b6f944eb2095a42ab647d0f8f?s=96&d=mm&r=g","caption":"Communication"},"url":"https:\/\/www.sivom-bethunois.fr\/index.php\/author\/communication\/"}]}},"_links":{"self":[{"href":"https:\/\/www.sivom-bethunois.fr\/index.php\/wp-json\/wp\/v2\/posts\/664","targetHints":{"allow":["GET"]}}],"collection":[{"href":"https:\/\/www.sivom-bethunois.fr\/index.php\/wp-json\/wp\/v2\/posts"}],"about":[{"href":"https:\/\/www.sivom-bethunois.fr\/index.php\/wp-json\/wp\/v2\/types\/post"}],"author":[{"embeddable":true,"href":"https:\/\/www.sivom-bethunois.fr\/index.php\/wp-json\/wp\/v2\/users\/35"}],"replies":[{"embeddable":true,"href":"https:\/\/www.sivom-bethunois.fr\/index.php\/wp-json\/wp\/v2\/comments?post=664"}],"version-history":[{"count":31,"href":"https:\/\/www.sivom-bethunois.fr\/index.php\/wp-json\/wp\/v2\/posts\/664\/revisions"}],"predecessor-version":[{"id":14657,"href":"https:\/\/www.sivom-bethunois.fr\/index.php\/wp-json\/wp\/v2\/posts\/664\/revisions\/14657"}],"wp:attachment":[{"href":"https:\/\/www.sivom-bethunois.fr\/index.php\/wp-json\/wp\/v2\/media?parent=664"}],"wp:term":[{"taxonomy":"category","embeddable":true,"href":"https:\/\/www.sivom-bethunois.fr\/index.php\/wp-json\/wp\/v2\/categories?post=664"},{"taxonomy":"post_tag","embeddable":true,"href":"https:\/\/www.sivom-bethunois.fr\/index.php\/wp-json\/wp\/v2\/tags?post=664"}],"curies":[{"name":"wp","href":"https:\/\/api.w.org\/{rel}","templated":true}]}}